{"id":482,"date":"2023-04-19T10:52:22","date_gmt":"2023-04-19T08:52:22","guid":{"rendered":"https:\/\/askomiettinen.fi\/?p=482"},"modified":"2023-05-03T15:55:37","modified_gmt":"2023-05-03T13:55:37","slug":"482","status":"publish","type":"post","link":"https:\/\/askomiettinen.fi\/index.php\/2023\/04\/19\/482\/","title":{"rendered":"Ruuantuotanto mukaan hallitusohjelmaan"},"content":{"rendered":"<p>[et_pb_section fb_built=&#8221;1&#8243; _builder_version=&#8221;4.20.0&#8243; _module_preset=&#8221;default&#8221; global_colors_info=&#8221;{}&#8221;][et_pb_row _builder_version=&#8221;4.20.0&#8243; _module_preset=&#8221;default&#8221; global_colors_info=&#8221;{}&#8221;][et_pb_column type=&#8221;4_4&#8243; _builder_version=&#8221;4.20.0&#8243; _module_preset=&#8221;default&#8221; global_colors_info=&#8221;{}&#8221;][et_pb_text _builder_version=&#8221;4.20.0&#8243; _module_preset=&#8221;default&#8221; global_colors_info=&#8221;{}&#8221;]<\/p>\n<p>Ruuantuotanto mukaan hallitusohjelmaan<\/p>\n<p>Karjalainen (19.4.2023) ja my\u00f6s Savon Sanomat ottivat kantaa ruuan hintaan ja maatalouden kannattavuuteen viittaamalla PTT:n tuoreeseen talousennusteeseen. Asiat olivat p\u00e4\u00e4osin kohdallaan, mutta inflaation vaikutuksia pohdittaessa on hyv\u00e4 muistaa lis\u00e4ksi, ett\u00e4 inflaatio sy\u00f6 my\u00f6s maatalouden tukia suorassa suhteessa koko alkaneen ohjelmakauden ajan. Karjalaisen p\u00e4\u00e4kirjoituksessa todettiin aivan oikein, ett\u00e4 kotimaisen ruuantuotannon vahvistaminen on nostettava hallitusohjelmaan.<\/p>\n<p>Hallitustunnustelija Petteri Orpo on saanut vastauksia hallitusneuvottelujen pohjaksi esitt\u00e4milleen kysymyksille. Yksi kysymyksist\u00e4 koski suoraan maa- ja mets\u00e4taloutta. Kokoomuksen eduskuntaryhm\u00e4 haluaa vastauksensa mukaan parantaa ruuantuotannon ja mets\u00e4talouden kannattavuutta ja kilpailukyky\u00e4. Perussuomalaiset painottavat elinvoimaista maataloussektoria huoltovarmuuden perustana. Sosiaalidemokraatit l\u00e4hestyv\u00e4t mets\u00e4talouden maatalousaihetta ilmastokest\u00e4v\u00e4n ruokaj\u00e4rjestelm\u00e4n kautta sek\u00e4 luomun ja kasvispohjaisen tuotannon edist\u00e4misell\u00e4. Keskusta haluaa ymm\u00e4rrett\u00e4v\u00e4sti pysy\u00e4 oppositiossa. KD ja RKP ovat parlamentaarisen MAKA-ryhm\u00e4n j\u00e4ljill\u00e4 ja Vihre\u00e4t panostaisivat kasviproteiinien ja synteettisesti tuotetun ruuan kehitt\u00e4miseen.<\/p>\n<p>On selv\u00e4\u00e4, ett\u00e4 maatalous ei tule olemaan ratkaiseva tekij\u00e4 hallituksen muodostamisessa. Suurempi painoarvo on varmasti talouspolitiikalla ja maahanmuutolla. Maatalouden asema on kuitenkin merkitt\u00e4v\u00e4 kansallisen huoltovarmuuden kannalta. Maatalous muodostaa my\u00f6s maaseudun perusinfraa yll\u00e4pit\u00e4v\u00e4n rungon niin taloudellisen toiminnan kuin ihan konkreettisen kalustonkin muodossa. On my\u00f6s hyv\u00e4 muistaa, ett\u00e4 valtion itsen\u00e4isyys on helpompi todentaa, jos se pystyy ruokkimaan oman kansansa.<\/p>\n<p>Maatalouspolitiikka on monimutkainen kokonaisuus EU:n yhteisen\u00e4 politiikkana ja sen kansallisena sovelluksena. Nykyisen ongelmat kuitenkin kohdistuvat markkinoiden toimimattomuuteen ja ne ratkaisut l\u00f6ytyv\u00e4t k\u00e4yt\u00e4nn\u00f6ss\u00e4 vain lains\u00e4\u00e4d\u00e4nn\u00f6llisin keinoin, vaikka vastausten perusteella monella tulevalla hallituspuolueella ei n\u00e4yt\u00e4 rahkeet siihen riitt\u00e4v\u00e4n.<\/p>\n<p>Asko Miettinen<\/p>\n<p>maanviljelij\u00e4, Joensuu<\/p>\n<p>MTK:n johtokunnan j\u00e4sen<\/p>\n<p>[\/et_pb_text][\/et_pb_column][\/et_pb_row][\/et_pb_section]<\/p>\n","protected":false},"excerpt":{"rendered":"<p>Ruuantuotanto mukaan hallitusohjelmaan Karjalainen (19.4.2023) ja my\u00f6s Savon Sanomat ottivat kantaa ruuan hintaan ja maatalouden kannattavuuteen viittaamalla PTT:n tuoreeseen talousennusteeseen. Asiat olivat p\u00e4\u00e4osin kohdallaan, mutta inflaation vaikutuksia pohdittaessa on hyv\u00e4 [&hellip;]<\/p>\n","protected":false},"author":1,"featured_media":316,"comment_status":"open","ping_status":"open","sticky":false,"template":"","format":"standard","meta":{"_et_pb_use_builder":"on","_et_pb_old_content":"","_et_gb_content_width":"","_EventAllDay":false,"_EventTimezone":"","_EventStartDate":"","_EventEndDate":"","_EventStartDateUTC":"","_EventEndDateUTC":"","_EventShowMap":false,"_EventShowMapLink":false,"_EventURL":"","_EventCost":"","_EventCostDescription":"","_EventCurrencySymbol":"","_EventCurrencyCode":"","_EventCurrencyPosition":"","_EventDateTimeSeparator":"","_EventTimeRangeSeparator":"","_EventOrganizerID":[],"_EventVenueID":[0],"_OrganizerEmail":"","_OrganizerPhone":"","_OrganizerWebsite":"","_VenueAddress":"","_VenueCity":"","_VenueCountry":"","_VenueProvince":"","_VenueState":"","_VenueZip":"","_VenuePhone":"","_VenueURL":"","_VenueStateProvince":"","_VenueLat":"","_VenueLng":"","_VenueShowMap":false,"_VenueShowMapLink":false,"footnotes":""},"categories":[5],"tags":[48,13,49,47],"class_list":["post-482","post","type-post","status-publish","format-standard","has-post-thumbnail","hentry","category-maatalous-ja-ruoka","tag-hallitusohjelma","tag-maatalous","tag-orpo","tag-ruuantuotanto"],"_links":{"self":[{"href":"https:\/\/askomiettinen.fi\/index.php\/wp-json\/wp\/v2\/posts\/482","targetHints":{"allow":["GET"]}}],"collection":[{"href":"https:\/\/askomiettinen.fi\/index.php\/wp-json\/wp\/v2\/posts"}],"about":[{"href":"https:\/\/askomiettinen.fi\/index.php\/wp-json\/wp\/v2\/types\/post"}],"author":[{"embeddable":true,"href":"https:\/\/askomiettinen.fi\/index.php\/wp-json\/wp\/v2\/users\/1"}],"replies":[{"embeddable":true,"href":"https:\/\/askomiettinen.fi\/index.php\/wp-json\/wp\/v2\/comments?post=482"}],"version-history":[{"count":5,"href":"https:\/\/askomiettinen.fi\/index.php\/wp-json\/wp\/v2\/posts\/482\/revisions"}],"predecessor-version":[{"id":488,"href":"https:\/\/askomiettinen.fi\/index.php\/wp-json\/wp\/v2\/posts\/482\/revisions\/488"}],"wp:featuredmedia":[{"embeddable":true,"href":"https:\/\/askomiettinen.fi\/index.php\/wp-json\/wp\/v2\/media\/316"}],"wp:attachment":[{"href":"https:\/\/askomiettinen.fi\/index.php\/wp-json\/wp\/v2\/media?parent=482"}],"wp:term":[{"taxonomy":"category","embeddable":true,"href":"https:\/\/askomiettinen.fi\/index.php\/wp-json\/wp\/v2\/categories?post=482"},{"taxonomy":"post_tag","embeddable":true,"href":"https:\/\/askomiettinen.fi\/index.php\/wp-json\/wp\/v2\/tags?post=482"}],"curies":[{"name":"wp","href":"https:\/\/api.w.org\/{rel}","templated":true}]}}